{"id":3504,"date":"2026-09-02T15:01:51","date_gmt":"2026-09-02T19:01:51","guid":{"rendered":"https:\/\/wiwc.ca\/?p=3504"},"modified":"2026-09-02T15:01:51","modified_gmt":"2026-09-02T19:01:51","slug":"nous-recrutons-coordonnatrice-du-programme-parcours-professionnels-pour-les-femmes","status":"publish","type":"post","link":"https:\/\/wiwc.ca\/fr\/nouvelles\/nous-recrutons-coordonnatrice-du-programme-parcours-professionnels-pour-les-femmes\/","title":{"rendered":"Nous recrutons: Coordonnatrice du programme Parcours professionnels pour les femmes"},"content":{"rendered":"<div class=\"wpb-content-wrapper\" id=\"wpb-content-root\"><p>[vc_row][vc_column][vc_column_text]<\/p>\n<h1>Coordonnatrice du programme Parcours professionnels pour les femmes<\/h1>\n<p class=\"isSelectedEnd\">Le Centre des femmes West Island est \u00e0 la recherche d\u2019une personne organis\u00e9e, cr\u00e9ative et engag\u00e9e dans sa communaut\u00e9 pour d\u00e9velopper et coordonner son nouveau <strong>programme Parcours professionnels pour les femmes<\/strong>.<\/p>\n<p>Ce programme aidera les femmes anglophones de l\u2019Ouest-de-l\u2019\u00cele \u00e0 d\u00e9velopper leurs comp\u00e9tences, leur confiance et leur r\u00e9seau afin d\u2019int\u00e9grer ou de r\u00e9int\u00e9grer le march\u00e9 du travail. Il s\u2019adressera aux femmes \u00e0 diff\u00e9rentes \u00e9tapes de leur parcours professionnel, particuli\u00e8rement aux m\u00e8res, aux femmes qui effectuent un retour au travail et \u00e0 celles qui rencontrent des obstacles \u00e0 l\u2019emploi.<\/p>\n<p>&nbsp;<\/p>\n<h2><strong>Description du poste<\/strong><\/h2>\n<p>La <strong>Coordonnatrice du programme Parcours professionnels pour les femmes<\/strong> sera responsable de d\u00e9velopper et de g\u00e9rer le programme, de sa planification \u00e0 sa mise en \u0153uvre et \u00e0 son \u00e9valuation.<\/p>\n<p>Le programme comprendra des ateliers de d\u00e9veloppement de carri\u00e8re, de l\u2019accompagnement individuel, des \u00e9valuations de carri\u00e8re, de l\u2019aide \u00e0 la r\u00e9daction de CV et de lettres de pr\u00e9sentation, de la formation en comp\u00e9tences num\u00e9riques, des conf\u00e9rences, des occasions de r\u00e9seautage et des activit\u00e9s favorisant les liens avec des employeurs.<\/p>\n<p><strong>Principales responsabilit\u00e9s<\/strong><\/p>\n<ul>\n<li>D\u00e9velopper et coordonner la structure globale du programme, l\u2019horaire, le contenu et l\u2019exp\u00e9rience des participantes.<\/li>\n<li>Planifier et superviser les ateliers de d\u00e9veloppement de carri\u00e8re, les formations en litt\u00e9ratie num\u00e9rique, l\u2019accompagnement, les \u00e9valuations, les conf\u00e9rences et autres activit\u00e9s li\u00e9es \u00e0 l\u2019emploi.<\/li>\n<li>Recruter et soutenir les personnes responsables de l\u2019animation, les sp\u00e9cialistes en accompagnement de carri\u00e8re ainsi que les conf\u00e9renci\u00e8res et conf\u00e9renciers invit\u00e9s.<\/li>\n<li>D\u00e9velopper des relations avec des employeurs, des partenaires communautaires, des organismes d\u2019employabilit\u00e9 et des organismes de r\u00e9f\u00e9rence.<\/li>\n<li>Organiser les principaux \u00e9v\u00e9nements du programme, notamment un salon de l\u2019emploi.<\/li>\n<li>Faire la promotion du programme, recruter les participantes et g\u00e9rer les inscriptions, l\u2019accueil et les suivis.<\/li>\n<li>Coordonner la logistique du programme avec l\u2019\u00e9quipe du Centre, notamment les locaux, le service de garde et le mat\u00e9riel.<\/li>\n<li>Effectuer le suivi de la participation, des pr\u00e9sences, des r\u00e9f\u00e9rences, des services offerts et des r\u00e9sultats du programme.<\/li>\n<li>D\u00e9velopper des outils d\u2019\u00e9valuation et recueillir les commentaires des participantes afin de mesurer l\u2019impact du programme.<\/li>\n<li>Pr\u00e9parer les statistiques, les mises \u00e0 jour et les renseignements requis pour les rapports destin\u00e9s aux bailleurs de fonds.<\/li>\n<li>Assurer le suivi du budget du programme et des d\u00e9penses li\u00e9es aux personnes responsables de l\u2019animation, en collaboration avec la direction g\u00e9n\u00e9rale.<\/li>\n<li>Participer aux rencontres avec les bailleurs de fonds et aux s\u00e9ances de la communaut\u00e9 de pratique, au besoin.<\/li>\n<li>Adapter la programmation en fonction des besoins, des commentaires et du taux de participation des participantes.<\/li>\n<\/ul>\n<p><strong>Qualifications et comp\u00e9tences recherch\u00e9es<\/strong><\/p>\n<ul>\n<li>Formation postsecondaire en d\u00e9veloppement de carri\u00e8re, \u00e9ducation, services sociaux, ressources humaines, d\u00e9veloppement communautaire, gestion de projet ou dans un domaine connexe.<\/li>\n<li>Exp\u00e9rience en coordination de programmes, de projets, de formations ou d\u2019initiatives communautaires.<\/li>\n<li>Excellentes comp\u00e9tences en organisation, en gestion de projet et en communication.<\/li>\n<li>Exp\u00e9rience en d\u00e9veloppement de programmes ax\u00e9s sur les participantes et en collaboration avec des personnes responsables de l\u2019animation, des consultants ou des b\u00e9n\u00e9voles.<\/li>\n<li>Exp\u00e9rience en mobilisation communautaire, recrutement de participantes, collecte de donn\u00e9es, \u00e9valuation de programmes et pr\u00e9paration de rapports.<\/li>\n<li>Excellentes comp\u00e9tences informatiques et aisance avec Microsoft Office et les outils num\u00e9riques de collaboration.<\/li>\n<li>Capacit\u00e9 \u00e0 travailler de fa\u00e7on autonome tout en collaborant efficacement avec une petite \u00e9quipe.<\/li>\n<li>Bonne compr\u00e9hension des obstacles \u00e0 l\u2019emploi auxquels peuvent faire face les femmes, les proches aidantes, les nouvelles arrivantes et les personnes qui r\u00e9int\u00e8grent le march\u00e9 du travail.<\/li>\n<li>Une exp\u00e9rience en orientation professionnelle, en services d\u2019emploi, en \u00e9ducation des adultes ou en d\u00e9veloppement de la main-d\u2019\u0153uvre sera consid\u00e9r\u00e9e comme un atout important.<\/li>\n<\/ul>\n<p>&nbsp;<\/p>\n<p><strong>D\u00e9tails du poste<\/strong><\/p>\n<p><strong>Heures :<\/strong> 30 heures par semaine<br \/>\n<strong>Dur\u00e9e :<\/strong> Contrat de 9 mois (de septembre 2026 \u00e0 juin 2027)<br \/>\n<strong>Salaire :<\/strong> 25 $\/heure<br \/>\n<strong>Lieu :<\/strong> Centre des femmes West Island, Pointe-Claire<br \/>\n<strong>Conditions de travail :<\/strong> Mode hybride, avec une combinaison de travail au bureau et \u00e0 distance<\/p>\n<h3><strong><br \/>\nComment postuler<\/strong><\/h3>\n<p class=\"isSelectedEnd\">Les personnes int\u00e9ress\u00e9es sont invit\u00e9es \u00e0 faire parvenir leur CV ainsi qu\u2019une courte lettre de pr\u00e9sentation expliquant leur int\u00e9r\u00eat pour le poste \u00e0 <a href=\"mailto:careers@wiwc.ca\"><strong>careers@wiwc.ca <\/strong><\/a><\/p>\n<p class=\"isSelectedEnd\"><strong>Date limite pour postuler :\u00a0<\/strong>11 septembre 2026<\/p>\n<p>Nous remercions sinc\u00e8rement toutes les personnes qui soumettront leur candidature. Seules les personnes retenues \u00e0 l\u2019issue de la pr\u00e9s\u00e9lection seront contact\u00e9es pour la suite du processus.<\/p>\n<p>Le Centre des femmes West Island s\u2019engage \u00e0 cr\u00e9er un milieu de travail inclusif et encourage les candidatures de personnes issues de milieux et d\u2019exp\u00e9riences diversifi\u00e9s.<\/p>\n<p>&nbsp;<\/p>\n<h3><strong>\u00c0 propos du CFWI<\/strong><\/h3>\n<p class=\"isSelectedEnd\">Le Centre des femmes West Island est un organisme communautaire \u00e0 but non lucratif qui se consacre \u00e0 soutenir, informer et valoriser les femmes. Depuis 50 ans, il offre un espace s\u00e9curitaire, accueillant et inclusif o\u00f9 les femmes peuvent cr\u00e9er des liens, apprendre et s\u2019\u00e9panouir.<\/p>\n<p class=\"isSelectedEnd\">Gr\u00e2ce \u00e0 ses programmes abordables et accessibles ax\u00e9s sur le bien-\u00eatre, le d\u00e9veloppement personnel et le lien social, \u00e0 ses services de soutien, \u00e0 ses initiatives communautaires ainsi qu\u2019\u00e0 son service de garde gratuit sur place, le Centre accompagne fi\u00e8rement environ 1 700 femmes chaque ann\u00e9e dans l\u2019Ouest-de-l\u2019\u00cele et les communaut\u00e9s environnantes.<\/p>\n<p class=\"isSelectedEnd\">Notre vision est d\u2019\u00eatre une ressource de premier plan pour les femmes de l\u2019Ouest-de-l\u2019\u00cele et d\u2019ailleurs, en faisant progresser les enjeux qui les touchent et en favorisant une communaut\u00e9 solidaire o\u00f9 elles s\u2019entraident et se soutiennent mutuellement.<\/p>\n<p>Pour en savoir plus, consultez <strong>wiwc.ca<\/strong> ou suivez-nous sur les r\u00e9seaux sociaux : <strong>@westislandwomenscentre<\/strong>.[\/vc_column_text][\/vc_column][\/vc_row]<\/p>\n<\/div>","protected":false},"excerpt":{"rendered":"<p>[vc_row][vc_column][vc_column_text] Coordonnatrice du programme Parcours professionnels pour les femmes Le Centre des femmes West Island est \u00e0 la recherche d\u2019une personne organis\u00e9e, cr\u00e9ative et engag\u00e9e dans sa communaut\u00e9 pour d\u00e9velopper&hellip;<\/p>\n","protected":false},"author":7,"featured_media":3511,"comment_status":"closed","ping_status":"closed","sticky":false,"template":"","format":"standard","meta":{"footnotes":""},"categories":[13],"tags":[],"class_list":["post-3504","post","type-post","status-publish","format-standard","has-post-thumbnail","hentry","category-nouvelles","category-13","description-off"],"yoast_head":"<!-- This site is optimized with the Yoast SEO plugin v28.2 - https:\/\/yoast.com\/product\/yoast-seo-wordpress\/ -->\n<title>Nous recrutons: opportunit\u00e9 d&#039;emploi d&#039;\u00e9t\u00e9 !<\/title>\n<meta name=\"description\" content=\"Le Centre des femmes West Island est \u00e0 la recherche d\u2019un(e) adjoint(e) administratif(ve) motiv\u00e9(e) et organis\u00e9(e) pour se joindre \u00e0 notre \u00e9quipe cet \u00e9t\u00e9.\" \/>\n<meta name=\"robots\" content=\"index, follow, max-snippet:-1, max-image-preview:large, max-video-preview:-1\" \/>\n<link rel=\"canonical\" href=\"https:\/\/wiwc.ca\/fr\/nouvelles\/nous-recrutons-coordonnatrice-du-programme-parcours-professionnels-pour-les-femmes\/\" \/>\n<meta property=\"og:locale\" content=\"fr_FR\" \/>\n<meta property=\"og:type\" content=\"article\" \/>\n<meta property=\"og:title\" content=\"Nous recrutons: opportunit\u00e9 d&#039;emploi d&#039;\u00e9t\u00e9 !\" \/>\n<meta property=\"og:description\" content=\"Le Centre des femmes West Island est \u00e0 la recherche d\u2019un(e) adjoint(e) administratif(ve) motiv\u00e9(e) et organis\u00e9(e) pour se joindre \u00e0 notre \u00e9quipe cet \u00e9t\u00e9.\" \/>\n<meta property=\"og:url\" content=\"https:\/\/wiwc.ca\/fr\/nouvelles\/nous-recrutons-coordonnatrice-du-programme-parcours-professionnels-pour-les-femmes\/\" \/>\n<meta property=\"og:site_name\" content=\"West Island Women&#039;s Centre\" \/>\n<meta property=\"article:publisher\" content=\"https:\/\/www.facebook.com\/westislandwomenscentre\" \/>\n<meta property=\"article:published_time\" content=\"2026-09-02T19:01:51+00:00\" \/>\n<meta property=\"og:image\" content=\"https:\/\/wiwc.ca\/wp-content\/uploads\/2026\/09\/nous-5-1.webp\" \/>\n\t<meta property=\"og:image:width\" content=\"1200\" \/>\n\t<meta property=\"og:image:height\" content=\"675\" \/>\n\t<meta property=\"og:image:type\" content=\"image\/webp\" \/>\n<meta name=\"author\" content=\"Veronique Romaniuk\" \/>\n<meta name=\"twitter:card\" content=\"summary_large_image\" \/>\n<meta name=\"twitter:label1\" content=\"\u00c9crit par\" \/>\n\t<meta name=\"twitter:data1\" content=\"Veronique Romaniuk\" \/>\n\t<meta name=\"twitter:label2\" content=\"Dur\u00e9e de lecture estim\u00e9e\" \/>\n\t<meta name=\"twitter:data2\" content=\"4 minutes\" \/>\n<script type=\"application\/ld+json\" class=\"yoast-schema-graph\">{\"@context\":\"https:\\\/\\\/schema.org\",\"@graph\":[{\"@type\":\"Article\",\"@id\":\"https:\\\/\\\/wiwc.ca\\\/fr\\\/nouvelles\\\/nous-recrutons-coordonnatrice-du-programme-parcours-professionnels-pour-les-femmes\\\/#article\",\"isPartOf\":{\"@id\":\"https:\\\/\\\/wiwc.ca\\\/fr\\\/nouvelles\\\/nous-recrutons-coordonnatrice-du-programme-parcours-professionnels-pour-les-femmes\\\/\"},\"author\":{\"name\":\"Veronique Romaniuk\",\"@id\":\"https:\\\/\\\/wiwc.ca\\\/fr\\\/#\\\/schema\\\/person\\\/54129c04cd264def3baff34cc4cb974a\"},\"headline\":\"Nous recrutons: Coordonnatrice du programme Parcours professionnels pour les femmes\",\"datePublished\":\"2026-09-02T19:01:51+00:00\",\"mainEntityOfPage\":{\"@id\":\"https:\\\/\\\/wiwc.ca\\\/fr\\\/nouvelles\\\/nous-recrutons-coordonnatrice-du-programme-parcours-professionnels-pour-les-femmes\\\/\"},\"wordCount\":1002,\"publisher\":{\"@id\":\"https:\\\/\\\/wiwc.ca\\\/fr\\\/#organization\"},\"image\":{\"@id\":\"https:\\\/\\\/wiwc.ca\\\/fr\\\/nouvelles\\\/nous-recrutons-coordonnatrice-du-programme-parcours-professionnels-pour-les-femmes\\\/#primaryimage\"},\"thumbnailUrl\":\"https:\\\/\\\/wiwc.ca\\\/wp-content\\\/uploads\\\/2026\\\/09\\\/nous-5-1.webp\",\"articleSection\":[\"Nouvelles\"],\"inLanguage\":\"fr-FR\"},{\"@type\":\"WebPage\",\"@id\":\"https:\\\/\\\/wiwc.ca\\\/fr\\\/nouvelles\\\/nous-recrutons-coordonnatrice-du-programme-parcours-professionnels-pour-les-femmes\\\/\",\"url\":\"https:\\\/\\\/wiwc.ca\\\/fr\\\/nouvelles\\\/nous-recrutons-coordonnatrice-du-programme-parcours-professionnels-pour-les-femmes\\\/\",\"name\":\"Nous recrutons: opportunit\u00e9 d'emploi d'\u00e9t\u00e9 !\",\"isPartOf\":{\"@id\":\"https:\\\/\\\/wiwc.ca\\\/fr\\\/#website\"},\"primaryImageOfPage\":{\"@id\":\"https:\\\/\\\/wiwc.ca\\\/fr\\\/nouvelles\\\/nous-recrutons-coordonnatrice-du-programme-parcours-professionnels-pour-les-femmes\\\/#primaryimage\"},\"image\":{\"@id\":\"https:\\\/\\\/wiwc.ca\\\/fr\\\/nouvelles\\\/nous-recrutons-coordonnatrice-du-programme-parcours-professionnels-pour-les-femmes\\\/#primaryimage\"},\"thumbnailUrl\":\"https:\\\/\\\/wiwc.ca\\\/wp-content\\\/uploads\\\/2026\\\/09\\\/nous-5-1.webp\",\"datePublished\":\"2026-09-02T19:01:51+00:00\",\"description\":\"Le Centre des femmes West Island est \u00e0 la recherche d\u2019un(e) adjoint(e) administratif(ve) motiv\u00e9(e) et organis\u00e9(e) pour se joindre \u00e0 notre \u00e9quipe cet \u00e9t\u00e9.\",\"breadcrumb\":{\"@id\":\"https:\\\/\\\/wiwc.ca\\\/fr\\\/nouvelles\\\/nous-recrutons-coordonnatrice-du-programme-parcours-professionnels-pour-les-femmes\\\/#breadcrumb\"},\"inLanguage\":\"fr-FR\",\"potentialAction\":[{\"@type\":\"ReadAction\",\"target\":[\"https:\\\/\\\/wiwc.ca\\\/fr\\\/nouvelles\\\/nous-recrutons-coordonnatrice-du-programme-parcours-professionnels-pour-les-femmes\\\/\"]}]},{\"@type\":\"ImageObject\",\"inLanguage\":\"fr-FR\",\"@id\":\"https:\\\/\\\/wiwc.ca\\\/fr\\\/nouvelles\\\/nous-recrutons-coordonnatrice-du-programme-parcours-professionnels-pour-les-femmes\\\/#primaryimage\",\"url\":\"https:\\\/\\\/wiwc.ca\\\/wp-content\\\/uploads\\\/2026\\\/09\\\/nous-5-1.webp\",\"contentUrl\":\"https:\\\/\\\/wiwc.ca\\\/wp-content\\\/uploads\\\/2026\\\/09\\\/nous-5-1.webp\",\"width\":1200,\"height\":675},{\"@type\":\"BreadcrumbList\",\"@id\":\"https:\\\/\\\/wiwc.ca\\\/fr\\\/nouvelles\\\/nous-recrutons-coordonnatrice-du-programme-parcours-professionnels-pour-les-femmes\\\/#breadcrumb\",\"itemListElement\":[{\"@type\":\"ListItem\",\"position\":1,\"name\":\"Home\",\"item\":\"https:\\\/\\\/wiwc.ca\\\/fr\\\/\"},{\"@type\":\"ListItem\",\"position\":2,\"name\":\"Nous recrutons: Coordonnatrice du programme Parcours professionnels pour les femmes\"}]},{\"@type\":\"WebSite\",\"@id\":\"https:\\\/\\\/wiwc.ca\\\/fr\\\/#website\",\"url\":\"https:\\\/\\\/wiwc.ca\\\/fr\\\/\",\"name\":\"West Island Women's Centre\",\"description\":\"Non-profit dedicated to improving the quality of life of women\",\"publisher\":{\"@id\":\"https:\\\/\\\/wiwc.ca\\\/fr\\\/#organization\"},\"potentialAction\":[{\"@type\":\"SearchAction\",\"target\":{\"@type\":\"EntryPoint\",\"urlTemplate\":\"https:\\\/\\\/wiwc.ca\\\/fr\\\/?s={search_term_string}\"},\"query-input\":{\"@type\":\"PropertyValueSpecification\",\"valueRequired\":true,\"valueName\":\"search_term_string\"}}],\"inLanguage\":\"fr-FR\"},{\"@type\":\"Organization\",\"@id\":\"https:\\\/\\\/wiwc.ca\\\/fr\\\/#organization\",\"name\":\"West Island Women's Centre\",\"url\":\"https:\\\/\\\/wiwc.ca\\\/fr\\\/\",\"logo\":{\"@type\":\"ImageObject\",\"inLanguage\":\"fr-FR\",\"@id\":\"https:\\\/\\\/wiwc.ca\\\/fr\\\/#\\\/schema\\\/logo\\\/image\\\/\",\"url\":\"https:\\\/\\\/wiwc.ca\\\/wp-content\\\/uploads\\\/2025\\\/03\\\/WIWC-Logo-ret.png\",\"contentUrl\":\"https:\\\/\\\/wiwc.ca\\\/wp-content\\\/uploads\\\/2025\\\/03\\\/WIWC-Logo-ret.png\",\"width\":800,\"height\":150,\"caption\":\"West Island Women's Centre\"},\"image\":{\"@id\":\"https:\\\/\\\/wiwc.ca\\\/fr\\\/#\\\/schema\\\/logo\\\/image\\\/\"},\"sameAs\":[\"https:\\\/\\\/www.facebook.com\\\/westislandwomenscentre\",\"https:\\\/\\\/www.pinterest.com\\\/westislandwomen\\\/\",\"https:\\\/\\\/www.instagram.com\\\/westislandwomenscentre\\\/\"]},{\"@type\":\"Person\",\"@id\":\"https:\\\/\\\/wiwc.ca\\\/fr\\\/#\\\/schema\\\/person\\\/54129c04cd264def3baff34cc4cb974a\",\"name\":\"Veronique Romaniuk\",\"image\":{\"@type\":\"ImageObject\",\"inLanguage\":\"fr-FR\",\"@id\":\"https:\\\/\\\/secure.gravatar.com\\\/avatar\\\/5abbe4149e8d2df2d9f4c9e85d3de28899d2ceee72649c27b1fc749d7b896617?s=96&d=mm&r=g\",\"url\":\"https:\\\/\\\/secure.gravatar.com\\\/avatar\\\/5abbe4149e8d2df2d9f4c9e85d3de28899d2ceee72649c27b1fc749d7b896617?s=96&d=mm&r=g\",\"contentUrl\":\"https:\\\/\\\/secure.gravatar.com\\\/avatar\\\/5abbe4149e8d2df2d9f4c9e85d3de28899d2ceee72649c27b1fc749d7b896617?s=96&d=mm&r=g\",\"caption\":\"Veronique Romaniuk\"},\"url\":\"https:\\\/\\\/wiwc.ca\\\/fr\\\/author\\\/veronique-romaniuk\\\/\"}]}<\/script>\n<!-- \/ Yoast SEO plugin. -->","yoast_head_json":{"title":"Nous recrutons: opportunit\u00e9 d'emploi d'\u00e9t\u00e9 !","description":"Le Centre des femmes West Island est \u00e0 la recherche d\u2019un(e) adjoint(e) administratif(ve) motiv\u00e9(e) et organis\u00e9(e) pour se joindre \u00e0 notre \u00e9quipe cet \u00e9t\u00e9.","robots":{"index":"index","follow":"follow","max-snippet":"max-snippet:-1","max-image-preview":"max-image-preview:large","max-video-preview":"max-video-preview:-1"},"canonical":"https:\/\/wiwc.ca\/fr\/nouvelles\/nous-recrutons-coordonnatrice-du-programme-parcours-professionnels-pour-les-femmes\/","og_locale":"fr_FR","og_type":"article","og_title":"Nous recrutons: opportunit\u00e9 d'emploi d'\u00e9t\u00e9 !","og_description":"Le Centre des femmes West Island est \u00e0 la recherche d\u2019un(e) adjoint(e) administratif(ve) motiv\u00e9(e) et organis\u00e9(e) pour se joindre \u00e0 notre \u00e9quipe cet \u00e9t\u00e9.","og_url":"https:\/\/wiwc.ca\/fr\/nouvelles\/nous-recrutons-coordonnatrice-du-programme-parcours-professionnels-pour-les-femmes\/","og_site_name":"West Island Women&#039;s Centre","article_publisher":"https:\/\/www.facebook.com\/westislandwomenscentre","article_published_time":"2026-09-02T19:01:51+00:00","og_image":[{"width":1200,"height":675,"url":"https:\/\/wiwc.ca\/wp-content\/uploads\/2026\/09\/nous-5-1.webp","type":"image\/webp"}],"author":"Veronique Romaniuk","twitter_card":"summary_large_image","twitter_misc":{"\u00c9crit par":"Veronique Romaniuk","Dur\u00e9e de lecture estim\u00e9e":"4 minutes"},"schema":{"@context":"https:\/\/schema.org","@graph":[{"@type":"Article","@id":"https:\/\/wiwc.ca\/fr\/nouvelles\/nous-recrutons-coordonnatrice-du-programme-parcours-professionnels-pour-les-femmes\/#article","isPartOf":{"@id":"https:\/\/wiwc.ca\/fr\/nouvelles\/nous-recrutons-coordonnatrice-du-programme-parcours-professionnels-pour-les-femmes\/"},"author":{"name":"Veronique Romaniuk","@id":"https:\/\/wiwc.ca\/fr\/#\/schema\/person\/54129c04cd264def3baff34cc4cb974a"},"headline":"Nous recrutons: Coordonnatrice du programme Parcours professionnels pour les femmes","datePublished":"2026-09-02T19:01:51+00:00","mainEntityOfPage":{"@id":"https:\/\/wiwc.ca\/fr\/nouvelles\/nous-recrutons-coordonnatrice-du-programme-parcours-professionnels-pour-les-femmes\/"},"wordCount":1002,"publisher":{"@id":"https:\/\/wiwc.ca\/fr\/#organization"},"image":{"@id":"https:\/\/wiwc.ca\/fr\/nouvelles\/nous-recrutons-coordonnatrice-du-programme-parcours-professionnels-pour-les-femmes\/#primaryimage"},"thumbnailUrl":"https:\/\/wiwc.ca\/wp-content\/uploads\/2026\/09\/nous-5-1.webp","articleSection":["Nouvelles"],"inLanguage":"fr-FR"},{"@type":"WebPage","@id":"https:\/\/wiwc.ca\/fr\/nouvelles\/nous-recrutons-coordonnatrice-du-programme-parcours-professionnels-pour-les-femmes\/","url":"https:\/\/wiwc.ca\/fr\/nouvelles\/nous-recrutons-coordonnatrice-du-programme-parcours-professionnels-pour-les-femmes\/","name":"Nous recrutons: opportunit\u00e9 d'emploi d'\u00e9t\u00e9 !","isPartOf":{"@id":"https:\/\/wiwc.ca\/fr\/#website"},"primaryImageOfPage":{"@id":"https:\/\/wiwc.ca\/fr\/nouvelles\/nous-recrutons-coordonnatrice-du-programme-parcours-professionnels-pour-les-femmes\/#primaryimage"},"image":{"@id":"https:\/\/wiwc.ca\/fr\/nouvelles\/nous-recrutons-coordonnatrice-du-programme-parcours-professionnels-pour-les-femmes\/#primaryimage"},"thumbnailUrl":"https:\/\/wiwc.ca\/wp-content\/uploads\/2026\/09\/nous-5-1.webp","datePublished":"2026-09-02T19:01:51+00:00","description":"Le Centre des femmes West Island est \u00e0 la recherche d\u2019un(e) adjoint(e) administratif(ve) motiv\u00e9(e) et organis\u00e9(e) pour se joindre \u00e0 notre \u00e9quipe cet \u00e9t\u00e9.","breadcrumb":{"@id":"https:\/\/wiwc.ca\/fr\/nouvelles\/nous-recrutons-coordonnatrice-du-programme-parcours-professionnels-pour-les-femmes\/#breadcrumb"},"inLanguage":"fr-FR","potentialAction":[{"@type":"ReadAction","target":["https:\/\/wiwc.ca\/fr\/nouvelles\/nous-recrutons-coordonnatrice-du-programme-parcours-professionnels-pour-les-femmes\/"]}]},{"@type":"ImageObject","inLanguage":"fr-FR","@id":"https:\/\/wiwc.ca\/fr\/nouvelles\/nous-recrutons-coordonnatrice-du-programme-parcours-professionnels-pour-les-femmes\/#primaryimage","url":"https:\/\/wiwc.ca\/wp-content\/uploads\/2026\/09\/nous-5-1.webp","contentUrl":"https:\/\/wiwc.ca\/wp-content\/uploads\/2026\/09\/nous-5-1.webp","width":1200,"height":675},{"@type":"BreadcrumbList","@id":"https:\/\/wiwc.ca\/fr\/nouvelles\/nous-recrutons-coordonnatrice-du-programme-parcours-professionnels-pour-les-femmes\/#breadcrumb","itemListElement":[{"@type":"ListItem","position":1,"name":"Home","item":"https:\/\/wiwc.ca\/fr\/"},{"@type":"ListItem","position":2,"name":"Nous recrutons: Coordonnatrice du programme Parcours professionnels pour les femmes"}]},{"@type":"WebSite","@id":"https:\/\/wiwc.ca\/fr\/#website","url":"https:\/\/wiwc.ca\/fr\/","name":"West Island Women's Centre","description":"Non-profit dedicated to improving the quality of life of women","publisher":{"@id":"https:\/\/wiwc.ca\/fr\/#organization"},"potentialAction":[{"@type":"SearchAction","target":{"@type":"EntryPoint","urlTemplate":"https:\/\/wiwc.ca\/fr\/?s={search_term_string}"},"query-input":{"@type":"PropertyValueSpecification","valueRequired":true,"valueName":"search_term_string"}}],"inLanguage":"fr-FR"},{"@type":"Organization","@id":"https:\/\/wiwc.ca\/fr\/#organization","name":"West Island Women's Centre","url":"https:\/\/wiwc.ca\/fr\/","logo":{"@type":"ImageObject","inLanguage":"fr-FR","@id":"https:\/\/wiwc.ca\/fr\/#\/schema\/logo\/image\/","url":"https:\/\/wiwc.ca\/wp-content\/uploads\/2025\/03\/WIWC-Logo-ret.png","contentUrl":"https:\/\/wiwc.ca\/wp-content\/uploads\/2025\/03\/WIWC-Logo-ret.png","width":800,"height":150,"caption":"West Island Women's Centre"},"image":{"@id":"https:\/\/wiwc.ca\/fr\/#\/schema\/logo\/image\/"},"sameAs":["https:\/\/www.facebook.com\/westislandwomenscentre","https:\/\/www.pinterest.com\/westislandwomen\/","https:\/\/www.instagram.com\/westislandwomenscentre\/"]},{"@type":"Person","@id":"https:\/\/wiwc.ca\/fr\/#\/schema\/person\/54129c04cd264def3baff34cc4cb974a","name":"Veronique Romaniuk","image":{"@type":"ImageObject","inLanguage":"fr-FR","@id":"https:\/\/secure.gravatar.com\/avatar\/5abbe4149e8d2df2d9f4c9e85d3de28899d2ceee72649c27b1fc749d7b896617?s=96&d=mm&r=g","url":"https:\/\/secure.gravatar.com\/avatar\/5abbe4149e8d2df2d9f4c9e85d3de28899d2ceee72649c27b1fc749d7b896617?s=96&d=mm&r=g","contentUrl":"https:\/\/secure.gravatar.com\/avatar\/5abbe4149e8d2df2d9f4c9e85d3de28899d2ceee72649c27b1fc749d7b896617?s=96&d=mm&r=g","caption":"Veronique Romaniuk"},"url":"https:\/\/wiwc.ca\/fr\/author\/veronique-romaniuk\/"}]}},"_links":{"self":[{"href":"https:\/\/wiwc.ca\/fr\/wp-json\/wp\/v2\/posts\/3504","targetHints":{"allow":["GET"]}}],"collection":[{"href":"https:\/\/wiwc.ca\/fr\/wp-json\/wp\/v2\/posts"}],"about":[{"href":"https:\/\/wiwc.ca\/fr\/wp-json\/wp\/v2\/types\/post"}],"author":[{"embeddable":true,"href":"https:\/\/wiwc.ca\/fr\/wp-json\/wp\/v2\/users\/7"}],"replies":[{"embeddable":true,"href":"https:\/\/wiwc.ca\/fr\/wp-json\/wp\/v2\/comments?post=3504"}],"version-history":[{"count":5,"href":"https:\/\/wiwc.ca\/fr\/wp-json\/wp\/v2\/posts\/3504\/revisions"}],"predecessor-version":[{"id":3518,"href":"https:\/\/wiwc.ca\/fr\/wp-json\/wp\/v2\/posts\/3504\/revisions\/3518"}],"wp:featuredmedia":[{"embeddable":true,"href":"https:\/\/wiwc.ca\/fr\/wp-json\/wp\/v2\/media\/3511"}],"wp:attachment":[{"href":"https:\/\/wiwc.ca\/fr\/wp-json\/wp\/v2\/media?parent=3504"}],"wp:term":[{"taxonomy":"category","embeddable":true,"href":"https:\/\/wiwc.ca\/fr\/wp-json\/wp\/v2\/categories?post=3504"},{"taxonomy":"post_tag","embeddable":true,"href":"https:\/\/wiwc.ca\/fr\/wp-json\/wp\/v2\/tags?post=3504"}],"curies":[{"name":"wp","href":"https:\/\/api.w.org\/{rel}","templated":true}]}}